{"id":9287,"date":"2024-12-19T15:25:40","date_gmt":"2024-12-19T14:25:40","guid":{"rendered":"https:\/\/arboretum-roure.org\/?p=9287"},"modified":"2024-12-19T15:26:24","modified_gmt":"2024-12-19T14:26:24","slug":"les-nuits-de-la-lecture-en-braille-a-paris","status":"publish","type":"post","link":"https:\/\/arboretum-roure.org\/en\/les-nuits-de-la-lecture-en-braille-a-paris\/","title":{"rendered":"Les Nuits de la Lecture en Braille \u00e0 Paris"},"content":{"rendered":"<figure class=\"wp-block-image size-large\"><img loading=\"lazy\" decoding=\"async\" width=\"1024\" height=\"640\" src=\"https:\/\/arboretum-roure.org\/wp-content\/uploads\/2024\/12\/Image-Appel-Paris-1-1024x640.png\" alt=\"\" class=\"wp-image-9288\" srcset=\"https:\/\/arboretum-roure.org\/wp-content\/uploads\/2024\/12\/Image-Appel-Paris-1-1024x640.png 1024w, https:\/\/arboretum-roure.org\/wp-content\/uploads\/2024\/12\/Image-Appel-Paris-1-300x188.png 300w, https:\/\/arboretum-roure.org\/wp-content\/uploads\/2024\/12\/Image-Appel-Paris-1-768x480.png 768w, https:\/\/arboretum-roure.org\/wp-content\/uploads\/2024\/12\/Image-Appel-Paris-1-18x12.png 18w, https:\/\/arboretum-roure.org\/wp-content\/uploads\/2024\/12\/Image-Appel-Paris-1-600x375.png 600w, https:\/\/arboretum-roure.org\/wp-content\/uploads\/2024\/12\/Image-Appel-Paris-1.png 1200w\" sizes=\"auto, (max-width: 1024px) 100vw, 1024px\" \/><\/figure>\n\n\n\n<p><strong>M\u00e9diath\u00e8que Marguerite Duras<\/strong><br>115, rue de Bagnolet, Paris 20e<\/p>\n\n\n\n<p>Lecture en partenariat avec Les \u00e9ditions de l&#8217;arboretum,&nbsp;la F\u00e9d\u00e9ration des aveugles de France et de l&#8217;INSEI.<\/p>\n\n\n\n<p><strong>A l&#8217;occasion des Nuits de la lecture, la F\u00e9d\u00e9ration des aveugles de France et la M\u00e9diath\u00e8que Marguerite Duras vous proposent&nbsp;<\/strong><\/p>\n\n\n\n<p><strong>de c\u00e9l\u00e9brer le bicentenaire de l&#8217;alphabet Braille en organisant une lecture \u00e0 haute voix de l\u2019ouvrage&nbsp;<\/strong><a href=\"https:\/\/www.radiofrance.fr\/franceinter\/podcasts\/la-main-verte\/la-main-verte-du-dimanche-09-juin-2024-4150506\" target=\"_blank\" rel=\"noreferrer noopener\"><strong><em>Le V\u00e9n\u00e9rable M\u00e9l\u00e8ze<\/em><\/strong><\/a><strong>de Gilles Mottet.<\/strong><\/p>\n\n\n\n<p>Le livre relate l\u2019histoire d\u2019un arbre touch\u00e9 par la foudre et nous invite \u00e0 un voyage litt\u00e9raire et multi-sensoriel.&nbsp;<\/p>\n\n\n\n<p>Le patrimoine alpin incarn\u00e9 par ce conif\u00e8re descendra nous rendre visite par la voix de jeunes lecteurs confirm\u00e9s du braille et de biblioth\u00e9caires et nous permettra de rendre hommage \u00e0 un patrimoine autant v\u00e9g\u00e9tal que culturel.<\/p>\n\n\n\n<p>Il s&#8217;agira donc d&#8217;une lecture \u00e0 plusieurs voix conduites par de jeunes lecteurs du Braille gr\u00e2ce aux partenariats de la&nbsp;<a href=\"https:\/\/aveuglesdefrance.org\/\" target=\"_blank\" rel=\"noreferrer noopener\">F\u00e9d\u00e9ration des aveugles de France<\/a>, de l&#8217;<a href=\"https:\/\/www.insei.fr\/\" target=\"_blank\" rel=\"noreferrer noopener\">INSEI<\/a>&nbsp;et&nbsp;<a href=\"https:\/\/arboretum-roure.org\/en\/boutique\/le-venerable-meleze-de-gilles-mottet\/\" target=\"_blank\" rel=\"noreferrer noopener\">Les \u00e9ditions de l&#8217;arboretum<\/a>.<\/p>\n\n\n\n<p>Pour plus d&#8217;information :&nbsp;<a href=\"https:\/\/www.paris.fr\/evenements\/les-nuits-de-la-lecture-en-braille-77476\" target=\"_blank\" rel=\"noreferrer noopener\">https:\/\/www.paris.fr\/evenements\/les-nuits-de-la-lecture-en-braille-77476<\/a><\/p>","protected":false},"excerpt":{"rendered":"<p>M\u00e9diath\u00e8que Marguerite Duras115, rue de Bagnolet, Paris 20e Lecture en partenariat avec Les \u00e9ditions de l&#8217;arboretum,&nbsp;la F\u00e9d\u00e9ration des aveugles de France et de l&#8217;INSEI. A l&#8217;occasion des Nuits de la lecture, la F\u00e9d\u00e9ration des aveugles de France et la M\u00e9diath\u00e8que Marguerite Duras vous proposent&nbsp; de c\u00e9l\u00e9brer le bicentenaire de l&#8217;alphabet Braille en organisant une lecture [&hellip;]<\/p>","protected":false},"author":3,"featured_media":9288,"comment_status":"closed","ping_status":"closed","sticky":false,"template":"","format":"standard","meta":{"footnotes":""},"categories":[1],"tags":[],"class_list":["post-9287","post","type-post","status-publish","format-standard","has-post-thumbnail","hentry","category-uncategorized"],"_links":{"self":[{"href":"https:\/\/arboretum-roure.org\/en\/wp-json\/wp\/v2\/posts\/9287","targetHints":{"allow":["GET"]}}],"collection":[{"href":"https:\/\/arboretum-roure.org\/en\/wp-json\/wp\/v2\/posts"}],"about":[{"href":"https:\/\/arboretum-roure.org\/en\/wp-json\/wp\/v2\/types\/post"}],"author":[{"embeddable":true,"href":"https:\/\/arboretum-roure.org\/en\/wp-json\/wp\/v2\/users\/3"}],"replies":[{"embeddable":true,"href":"https:\/\/arboretum-roure.org\/en\/wp-json\/wp\/v2\/comments?post=9287"}],"version-history":[{"count":3,"href":"https:\/\/arboretum-roure.org\/en\/wp-json\/wp\/v2\/posts\/9287\/revisions"}],"predecessor-version":[{"id":9291,"href":"https:\/\/arboretum-roure.org\/en\/wp-json\/wp\/v2\/posts\/9287\/revisions\/9291"}],"wp:featuredmedia":[{"embeddable":true,"href":"https:\/\/arboretum-roure.org\/en\/wp-json\/wp\/v2\/media\/9288"}],"wp:attachment":[{"href":"https:\/\/arboretum-roure.org\/en\/wp-json\/wp\/v2\/media?parent=9287"}],"wp:term":[{"taxonomy":"category","embeddable":true,"href":"https:\/\/arboretum-roure.org\/en\/wp-json\/wp\/v2\/categories?post=9287"},{"taxonomy":"post_tag","embeddable":true,"href":"https:\/\/arboretum-roure.org\/en\/wp-json\/wp\/v2\/tags?post=9287"}],"curies":[{"name":"wp","href":"https:\/\/api.w.org\/{rel}","templated":true}]}}